{"id":34115,"date":"2026-04-27T09:44:15","date_gmt":"2026-04-27T07:44:15","guid":{"rendered":"https:\/\/harter-gmbh.de\/journee-de-la-formation-2026-chez-harter\/"},"modified":"2026-04-27T09:44:39","modified_gmt":"2026-04-27T07:44:39","slug":"journee-de-la-formation-2026-chez-harter","status":"publish","type":"post","link":"https:\/\/harter-gmbh.de\/fr\/journee-de-la-formation-2026-chez-harter\/","title":{"rendered":"Journ\u00e9e de la formation 2026 chez HARTER"},"content":{"rendered":"<div class=\"fusion-fullwidth fullwidth-box fusion-builder-row-1 fusion-flex-container has-pattern-background has-mask-background nonhundred-percent-fullwidth non-hundred-percent-height-scrolling\" style=\"--awb-border-radius-top-left:0px;--awb-border-radius-top-right:0px;--awb-border-radius-bottom-right:0px;--awb-border-radius-bottom-left:0px;--awb-flex-wrap:wrap;\" ><div class=\"fusion-builder-row fusion-row fusion-flex-align-items-flex-start fusion-flex-content-wrap\" style=\"max-width:1372.8px;margin-left: calc(-4% \/ 2 );margin-right: calc(-4% \/ 2 );\"><div class=\"fusion-layout-column fusion_builder_column fusion-builder-column-0 fusion_builder_column_1_1 1_1 fusion-flex-column\" style=\"--awb-bg-size:cover;--awb-width-large:100%;--awb-margin-top-large:0px;--awb-spacing-right-large:1.92%;--awb-margin-bottom-large:0px;--awb-spacing-left-large:1.92%;--awb-width-medium:100%;--awb-order-medium:0;--awb-spacing-right-medium:1.92%;--awb-spacing-left-medium:1.92%;--awb-width-small:100%;--awb-order-small:0;--awb-spacing-right-small:1.92%;--awb-spacing-left-small:1.92%;\"><div class=\"fusion-column-wrapper fusion-column-has-shadow fusion-flex-justify-content-flex-start fusion-content-layout-column\"><div class=\"fusion-text fusion-text-1 fusion-text-no-margin\" style=\"--awb-margin-bottom:40px;\"><div class=\"reader-image-block reader-image-block--resize\">\n<figure class=\"reader-image-block__figure\">\n<div class=\"ivm-image-view-model reader-image-block__img-container\">\n<div class=\"ivm-view-attr__img-wrapper \">\n<p style=\"text-align: center;\">Cette ann\u00e9e encore, le moment est venu :<\/p>\n<p style=\"text-align: center;\">L\u2019entreprise HARTER vous invite cordialement \u00e0 sa Journ\u00e9e de la formation !<\/p>\n<p style=\"text-align: center;\"><strong>\ud83d\udcc5 Samedi 9 mai 2026<\/strong><br \/>\n<strong>\ud83d\udd58 09h00 \u2013 13h00<\/strong><br \/>\n<strong>\ud83d\udccd Harbatshofen 50, 88167 Stiefenhofen<\/strong><\/p>\n<p style=\"text-align: center;\">R\u00e9jouissez-vous de d\u00e9couvrir notre entreprise de mani\u00e8re passionnante :<br \/>\nen plus de divers ateliers pratiques et de visites de l\u2019usine, des conseils utiles pour vos candidatures, des informations sur nos m\u00e9tiers de formation ainsi que des \u00e9changes personnels avec nos apprentis vous attendent.<\/p>\n<p style=\"text-align: center;\">Bien entendu, un jeu-concours avec de superbes prix est \u00e9galement au programme !<\/p>\n<p style=\"text-align: center;\">Votre int\u00e9r\u00eat est piqu\u00e9 ?<\/p>\n<p style=\"text-align: center;\">Alors, notez d\u00e8s maintenant la date \u2013 nous nous r\u00e9jouissons de votre visite !<\/p>\n<\/div>\n<\/div>\n<\/figure>\n<\/div>\n<\/div><div class=\"fusion-image-element \" style=\"--awb-caption-title-font-family:var(--h2_typography-font-family);--awb-caption-title-font-weight:var(--h2_typography-font-weight);--awb-caption-title-font-style:var(--h2_typography-font-style);--awb-caption-title-size:var(--h2_typography-font-size);--awb-caption-title-transform:var(--h2_typography-text-transform);--awb-caption-title-line-height:var(--h2_typography-line-height);--awb-caption-title-letter-spacing:var(--h2_typography-letter-spacing);\"><span class=\" fusion-imageframe imageframe-none imageframe-1 hover-type-none\" style=\"border-radius:10px;\"><img decoding=\"async\" width=\"240\" height=\"300\" title=\"Harter_Journee_de_la_formation_2026_Flyer_Instagram\" src=\"https:\/\/harter-gmbh.de\/wp-content\/uploads\/2026\/04\/Harter_Tag_der_Ausbildung_2026_Flyer_Instagram-scaled.jpg\" data-orig-src=\"https:\/\/harter-gmbh.de\/wp-content\/uploads\/2026\/04\/Harter_Tag_der_Ausbildung_2026_Flyer_Instagram-240x300.jpg\" alt class=\"lazyload img-responsive wp-image-34116\" srcset=\"data:image\/svg+xml,%3Csvg%20xmlns%3D%27http%3A%2F%2Fwww.w3.org%2F2000%2Fsvg%27%20width%3D%271808%27%20height%3D%272260%27%20viewBox%3D%270%200%201808%202260%27%3E%3Crect%20width%3D%271808%27%20height%3D%272260%27%20fill-opacity%3D%220%22%2F%3E%3C%2Fsvg%3E\" data-srcset=\"https:\/\/harter-gmbh.de\/wp-content\/uploads\/2026\/04\/Harter_Tag_der_Ausbildung_2026_Flyer_Instagram-200x250.jpg 200w, https:\/\/harter-gmbh.de\/wp-content\/uploads\/2026\/04\/Harter_Tag_der_Ausbildung_2026_Flyer_Instagram-400x500.jpg 400w, https:\/\/harter-gmbh.de\/wp-content\/uploads\/2026\/04\/Harter_Tag_der_Ausbildung_2026_Flyer_Instagram-600x750.jpg 600w, https:\/\/harter-gmbh.de\/wp-content\/uploads\/2026\/04\/Harter_Tag_der_Ausbildung_2026_Flyer_Instagram-800x1000.jpg 800w, https:\/\/harter-gmbh.de\/wp-content\/uploads\/2026\/04\/Harter_Tag_der_Ausbildung_2026_Flyer_Instagram-1200x1500.jpg 1200w, https:\/\/harter-gmbh.de\/wp-content\/uploads\/2026\/04\/Harter_Tag_der_Ausbildung_2026_Flyer_Instagram-scaled.jpg 1808w\" data-sizes=\"auto\" data-orig-sizes=\"(max-width: 800px) 100vw, 240px\" \/><\/span><\/div><\/div><\/div><\/div><\/div>\n","protected":false},"excerpt":{"rendered":"","protected":false},"author":9,"featured_media":34117,"comment_status":"open","ping_status":"open","sticky":false,"template":"","format":"standard","meta":{"_acf_changed":false,"footnotes":""},"categories":[107],"tags":[],"class_list":["post-34115","post","type-post","status-publish","format-standard","has-post-thumbnail","hentry","category-communiques-de-lentreprise"],"acf":[],"_links":{"self":[{"href":"https:\/\/harter-gmbh.de\/fr\/wp-json\/wp\/v2\/posts\/34115","targetHints":{"allow":["GET"]}}],"collection":[{"href":"https:\/\/harter-gmbh.de\/fr\/wp-json\/wp\/v2\/posts"}],"about":[{"href":"https:\/\/harter-gmbh.de\/fr\/wp-json\/wp\/v2\/types\/post"}],"author":[{"embeddable":true,"href":"https:\/\/harter-gmbh.de\/fr\/wp-json\/wp\/v2\/users\/9"}],"replies":[{"embeddable":true,"href":"https:\/\/harter-gmbh.de\/fr\/wp-json\/wp\/v2\/comments?post=34115"}],"version-history":[{"count":7,"href":"https:\/\/harter-gmbh.de\/fr\/wp-json\/wp\/v2\/posts\/34115\/revisions"}],"predecessor-version":[{"id":34124,"href":"https:\/\/harter-gmbh.de\/fr\/wp-json\/wp\/v2\/posts\/34115\/revisions\/34124"}],"wp:featuredmedia":[{"embeddable":true,"href":"https:\/\/harter-gmbh.de\/fr\/wp-json\/wp\/v2\/media\/34117"}],"wp:attachment":[{"href":"https:\/\/harter-gmbh.de\/fr\/wp-json\/wp\/v2\/media?parent=34115"}],"wp:term":[{"taxonomy":"category","embeddable":true,"href":"https:\/\/harter-gmbh.de\/fr\/wp-json\/wp\/v2\/categories?post=34115"},{"taxonomy":"post_tag","embeddable":true,"href":"https:\/\/harter-gmbh.de\/fr\/wp-json\/wp\/v2\/tags?post=34115"}],"curies":[{"name":"wp","href":"https:\/\/api.w.org\/{rel}","templated":true}]}}